{"id":977,"date":"2020-03-20T12:20:37","date_gmt":"2020-03-20T12:20:37","guid":{"rendered":"https:\/\/ideagro.es\/?p=977"},"modified":"2020-03-20T12:20:37","modified_gmt":"2020-03-20T12:20:37","slug":"ideagro-se-suma-a-la-responsabilidad-y-colaboracion-frente-al-covid-19","status":"publish","type":"post","link":"https:\/\/ideagro.es\/pt\/ideagro-se-suma-a-la-responsabilidad-y-colaboracion-frente-al-covid-19\/","title":{"rendered":"IDEAGRO se une \u00e0 responsabilidade e colabora\u00e7\u00e3o contra a COVID-19"},"content":{"rendered":"<p>[:\u00e9]<img decoding=\"async\" class=\"img-responsive alignright wp-image-978\" src=\"https:\/\/ideagro.es\/wp-content\/uploads\/2020\/03\/IMG-20200320-WA0004-300x225.jpg\" alt=\"\" width=\"215\" height=\"161\" srcset=\"https:\/\/ideagro.es\/wp-content\/uploads\/2020\/03\/IMG-20200320-WA0004-300x225.jpg 300w, https:\/\/ideagro.es\/wp-content\/uploads\/2020\/03\/IMG-20200320-WA0004-600x450.jpg 600w, https:\/\/ideagro.es\/wp-content\/uploads\/2020\/03\/IMG-20200320-WA0004-768x576.jpg 768w, https:\/\/ideagro.es\/wp-content\/uploads\/2020\/03\/IMG-20200320-WA0004.jpg 1024w\" sizes=\"(max-width: 215px) 100vw, 215px\" \/>Da IdeagroTeam nos unimos \u00e0 luta contra a Covid-19 seguindo as instru\u00e7\u00f5es das organiza\u00e7\u00f5es oficiais diante desta crise.  Esperamos que voc\u00ea e sua fam\u00edlia estejam com boa sa\u00fade.<\/p>\n<p>Acreditamos que agora, mais do que nunca, devemos estar unidos e nos esfor\u00e7amos para \u201cfazer mais com menos\u201d. Nossa equipe se adaptou para continuar oferecendo nossos servi\u00e7os no hor\u00e1rio normal, e para isso tomamos as seguintes medidas:<\/p>\n<p><img decoding=\"async\" class=\"img-responsive alignleft wp-image-980\" src=\"https:\/\/ideagro.es\/wp-content\/uploads\/2020\/03\/9227_djdj\u00b2djndj\u00b5dj\u00bddjodj\u00be_ndj\u00bcdjnndjn_djdjz2_ndj\u00b5dj-300x225.jpg\" alt=\"\" width=\"217\" height=\"163\" srcset=\"https:\/\/ideagro.es\/wp-content\/uploads\/2020\/03\/9227_djdj\u00b2djndj\u00b5dj\u00bddjodj\u00be_ndj\u00bcdjnndjn_djdjz2_ndj\u00b5dj-300x225.jpg 300w, https:\/\/ideagro.es\/wp-content\/uploads\/2020\/03\/9227_djdj\u00b2djndj\u00b5dj\u00bddjodj\u00be_ndj\u00bcdjnndjn_djdjz2_ndj\u00b5dj-600x450.jpg 600w, https:\/\/ideagro.es\/wp-content\/uploads\/2020\/03\/9227_djdj\u00b2djndj\u00b5dj\u00bddjodj\u00be_ndj\u00bcdjnndjn_djdjz2_ndj\u00b5dj-1024x768.jpg 1024w, https:\/\/ideagro.es\/wp-content\/uploads\/2020\/03\/9227_djdj\u00b2djndj\u00b5dj\u00bddjodj\u00be_ndj\u00bcdjnndjn_djdjz2_ndj\u00b5dj-768x576.jpg 768w, https:\/\/ideagro.es\/wp-content\/uploads\/2020\/03\/9227_djdj\u00b2djndj\u00b5dj\u00bddjodj\u00be_ndj\u00bcdjnndjn_djdjz2_ndj\u00b5dj-1536x1152.jpg 1536w, https:\/\/ideagro.es\/wp-content\/uploads\/2020\/03\/9227_djdj\u00b2djndj\u00b5dj\u00bddjodj\u00be_ndj\u00bcdjnndjn_djdjz2_ndj\u00b5dj.jpg 1600w\" sizes=\"(max-width: 217px) 100vw, 217px\" \/>\u2013 Nossa equipe de escrit\u00f3rio, an\u00e1lise e projetos trabalha remotamente e est\u00e1 totalmente conectada com clientes e colaboradores. #yomequedoencasa<\/p>\n<p>\u2013 No laborat\u00f3rio trabalhamos individualmente em turnos e tomamos medidas extremas de seguran\u00e7a, higiene e distanciamento. Continuamos realizando todas as an\u00e1lises necess\u00e1rias e o sistema de coleta de amostras por ag\u00eancia de transporte foi refor\u00e7ado para evitar atrasos.<\/p>\n<p><img decoding=\"async\" class=\"alignright wp-image-1012\" src=\"https:\/\/ideagro.es\/wp-content\/uploads\/2020\/03\/IMG_1027-300x225.jpg\" alt=\"\" width=\"227\" height=\"170\" srcset=\"https:\/\/ideagro.es\/wp-content\/uploads\/2020\/03\/IMG_1027-300x225.jpg 300w, https:\/\/ideagro.es\/wp-content\/uploads\/2020\/03\/IMG_1027-scaled-600x450.jpg 600w, https:\/\/ideagro.es\/wp-content\/uploads\/2020\/03\/IMG_1027-1024x768.jpg 1024w, https:\/\/ideagro.es\/wp-content\/uploads\/2020\/03\/IMG_1027-768x576.jpg 768w, https:\/\/ideagro.es\/wp-content\/uploads\/2020\/03\/IMG_1027-1536x1152.jpg 1536w, https:\/\/ideagro.es\/wp-content\/uploads\/2020\/03\/IMG_1027-2048x1536.jpg 2048w\" sizes=\"(max-width: 227px) 100vw, 227px\" \/>\u2013 Nos trabalhos de pesquisa de campo levamos em considera\u00e7\u00e3o todas as recomenda\u00e7\u00f5es sanit\u00e1rias e reduzimos ao m\u00ednimo as viagens, trabalhamos individualmente e estamos realocando a maior parte dos ensaios em nossas fazendas experimentais para evitar deslocamentos, contamina\u00e7\u00f5es e atrasos<\/p>\n<p>\u2013 Ampliamos as nossas quintas experimentais com 3.700 m2 de estufas em t\u00fanel e 1.200 m2 de estufas de malha para podermos continuar com os trabalhos planeados e enfrentar as limita\u00e7\u00f5es atuais e previs\u00edveis.<\/p>\n<p><img loading=\"lazy\" decoding=\"async\" class=\"wp-image-982 alignleft\" src=\"https:\/\/ideagro.es\/wp-content\/uploads\/2020\/03\/7e68af7e-764c-4f72-9c77-0a51ed28b61f-300x225.jpg\" alt=\"\" width=\"287\" height=\"215\" srcset=\"https:\/\/ideagro.es\/wp-content\/uploads\/2020\/03\/7e68af7e-764c-4f72-9c77-0a51ed28b61f-300x225.jpg 300w, https:\/\/ideagro.es\/wp-content\/uploads\/2020\/03\/7e68af7e-764c-4f72-9c77-0a51ed28b61f-600x450.jpg 600w, https:\/\/ideagro.es\/wp-content\/uploads\/2020\/03\/7e68af7e-764c-4f72-9c77-0a51ed28b61f-1024x768.jpg 1024w, https:\/\/ideagro.es\/wp-content\/uploads\/2020\/03\/7e68af7e-764c-4f72-9c77-0a51ed28b61f-768x576.jpg 768w, https:\/\/ideagro.es\/wp-content\/uploads\/2020\/03\/7e68af7e-764c-4f72-9c77-0a51ed28b61f-1536x1152.jpg 1536w, https:\/\/ideagro.es\/wp-content\/uploads\/2020\/03\/7e68af7e-764c-4f72-9c77-0a51ed28b61f.jpg 1600w\" sizes=\"(max-width: 287px) 100vw, 287px\" \/><img loading=\"lazy\" decoding=\"async\" class=\"img-responsive alignright wp-image-985\" src=\"https:\/\/ideagro.es\/wp-content\/uploads\/2020\/03\/4176cf39-f2e2-479e-8ddb-f79752f87876-300x225.jpg\" alt=\"\" width=\"288\" height=\"216\" srcset=\"https:\/\/ideagro.es\/wp-content\/uploads\/2020\/03\/4176cf39-f2e2-479e-8ddb-f79752f87876-300x225.jpg 300w, https:\/\/ideagro.es\/wp-content\/uploads\/2020\/03\/4176cf39-f2e2-479e-8ddb-f79752f87876-600x450.jpg 600w, https:\/\/ideagro.es\/wp-content\/uploads\/2020\/03\/4176cf39-f2e2-479e-8ddb-f79752f87876-1024x768.jpg 1024w, https:\/\/ideagro.es\/wp-content\/uploads\/2020\/03\/4176cf39-f2e2-479e-8ddb-f79752f87876-768x576.jpg 768w, https:\/\/ideagro.es\/wp-content\/uploads\/2020\/03\/4176cf39-f2e2-479e-8ddb-f79752f87876-1536x1152.jpg 1536w, https:\/\/ideagro.es\/wp-content\/uploads\/2020\/03\/4176cf39-f2e2-479e-8ddb-f79752f87876.jpg 1600w\" sizes=\"(max-width: 288px) 100vw, 288px\" \/><\/p>\n<h3><\/h3>\n<h3><\/h3>\n<h3 style=\"text-align: center;\">Continuamos trabalhando para voltarmos \u00e0 normalidade o mais r\u00e1pido poss\u00edvel!<\/h3>\n<p><img loading=\"lazy\" decoding=\"async\" class=\"alignright  wp-image-983\" src=\"https:\/\/ideagro.es\/wp-content\/uploads\/2020\/03\/IMG_1082-e1584704296360-300x225.jpg\" alt=\"\" width=\"371\" height=\"278\" srcset=\"https:\/\/ideagro.es\/wp-content\/uploads\/2020\/03\/IMG_1082-e1584704296360-300x225.jpg 300w, https:\/\/ideagro.es\/wp-content\/uploads\/2020\/03\/IMG_1082-e1584704296360-scaled-600x450.jpg 600w, https:\/\/ideagro.es\/wp-content\/uploads\/2020\/03\/IMG_1082-e1584704296360-1024x768.jpg 1024w, https:\/\/ideagro.es\/wp-content\/uploads\/2020\/03\/IMG_1082-e1584704296360-768x576.jpg 768w, https:\/\/ideagro.es\/wp-content\/uploads\/2020\/03\/IMG_1082-e1584704296360-1536x1152.jpg 1536w, https:\/\/ideagro.es\/wp-content\/uploads\/2020\/03\/IMG_1082-e1584704296360-2048x1536.jpg 2048w\" sizes=\"(max-width: 371px) 100vw, 371px\" \/><\/p>\n<p style=\"text-align: center;\"><strong>Equipe Ideagro<\/strong><\/p>\n<p>[:pt]A Ideagro se junta \u00e0 luta contra a Covid-19 seguindo as recomenda\u00e7\u00f5es das Autoridades Sanit\u00e1rias para enfrentar esta crise.<img loading=\"lazy\" decoding=\"async\" class=\"alignright wp-image-978\" src=\"https:\/\/ideagro.es\/wp-content\/uploads\/2020\/03\/IMG-20200320-WA0004-300x225.jpg\" alt=\"\" width=\"271\" height=\"203\" srcset=\"https:\/\/ideagro.es\/wp-content\/uploads\/2020\/03\/IMG-20200320-WA0004-300x225.jpg 300w, https:\/\/ideagro.es\/wp-content\/uploads\/2020\/03\/IMG-20200320-WA0004-600x450.jpg 600w, https:\/\/ideagro.es\/wp-content\/uploads\/2020\/03\/IMG-20200320-WA0004-768x576.jpg 768w, https:\/\/ideagro.es\/wp-content\/uploads\/2020\/03\/IMG-20200320-WA0004.jpg 1024w\" sizes=\"(max-width: 271px) 100vw, 271px\" \/><\/p>\n<p>Agora, mais do que nunca, precisamos de permanecer unidos e fazer um esfor\u00e7o para \u201cfazer mais com menos\u201d. Nossa equipe foi adaptada para continuar oferecendo nossos servi\u00e7os normalmente e por isso implementamos as seguintes medidas:<\/p>\n<p>\u2013 Nossas equipes de escrit\u00f3rio, an\u00e1lise e projetos trabalham online, garantindo total comunica\u00e7\u00e3o com clientes e parceiros. #StaySafe #StayHome.<\/p>\n<p><img loading=\"lazy\" decoding=\"async\" class=\"wp-image-980 alignleft\" src=\"https:\/\/ideagro.es\/wp-content\/uploads\/2020\/03\/9227_djdj\u00b2djndj\u00b5dj\u00bddjodj\u00be_ndj\u00bcdjnndjn_djdjz2_ndj\u00b5dj-300x225.jpg\" alt=\"\" width=\"273\" height=\"205\" srcset=\"https:\/\/ideagro.es\/wp-content\/uploads\/2020\/03\/9227_djdj\u00b2djndj\u00b5dj\u00bddjodj\u00be_ndj\u00bcdjnndjn_djdjz2_ndj\u00b5dj-300x225.jpg 300w, https:\/\/ideagro.es\/wp-content\/uploads\/2020\/03\/9227_djdj\u00b2djndj\u00b5dj\u00bddjodj\u00be_ndj\u00bcdjnndjn_djdjz2_ndj\u00b5dj-600x450.jpg 600w, https:\/\/ideagro.es\/wp-content\/uploads\/2020\/03\/9227_djdj\u00b2djndj\u00b5dj\u00bddjodj\u00be_ndj\u00bcdjnndjn_djdjz2_ndj\u00b5dj-1024x768.jpg 1024w, https:\/\/ideagro.es\/wp-content\/uploads\/2020\/03\/9227_djdj\u00b2djndj\u00b5dj\u00bddjodj\u00be_ndj\u00bcdjnndjn_djdjz2_ndj\u00b5dj-768x576.jpg 768w, https:\/\/ideagro.es\/wp-content\/uploads\/2020\/03\/9227_djdj\u00b2djndj\u00b5dj\u00bddjodj\u00be_ndj\u00bcdjnndjn_djdjz2_ndj\u00b5dj-1536x1152.jpg 1536w, https:\/\/ideagro.es\/wp-content\/uploads\/2020\/03\/9227_djdj\u00b2djndj\u00b5dj\u00bddjodj\u00be_ndj\u00bcdjnndjn_djdjz2_ndj\u00b5dj.jpg 1600w\" sizes=\"(max-width: 273px) 100vw, 273px\" \/>\u2013 No laborat\u00f3rio implement\u00e1mos turnos individuais, bem como medidas de higiene, seguran\u00e7a e distanciamento pessoal. Ainda assim o laborat\u00f3rio est\u00e1 a funcionar a plena capacidade e o sistema de recolha e entrega foi refor\u00e7ado de forma a evitar qualquer atraso.<\/p>\n<p>\u2013 Em rela\u00e7\u00e3o ao trabalho em campo, todas as recomenda\u00e7\u00f5es sanit\u00e1rias est\u00e3o sendo seguidas, reduzindo viagens, trabalhando individualmente e remanejando nossos campos de testes para evitar deslocamentos, contamina\u00e7\u00f5es e atrasos.<\/p>\n<p>\u2013 Aument\u00e1mos os nossos campos de ensaio com estufas em t\u00fanel de 3700 m2, bem como 1200 m2 de estufas de tela, a fim de enfrentar as limita\u00e7\u00f5es atuais e futuras e garantir um servi\u00e7o de qualidade como sempre.<\/p>\n<p><img loading=\"lazy\" decoding=\"async\" class=\"wp-image-996 aligncenter\" src=\"https:\/\/ideagro.es\/wp-content\/uploads\/2020\/03\/Dise\u00f1o-sin-t\u00edtulo-1-1-300x53.png\" alt=\"\" width=\"1177\" height=\"208\" \/><\/p>\n<h3 style=\"text-align: center;\"><em>Continuamos trabalhando e desejamos sa\u00fade a todos e suas fam\u00edlias e que em breve retornemos \u00e0 normalidade!<\/em><\/h3>\n<p>&nbsp;<\/p>\n<p>Equipe Ideagro[:]    \t<\/p>","protected":false},"excerpt":{"rendered":"<p>[:es]Desde el IdeagroTeam nos sumamos a la lucha contra el Covid-19 siguiendo las indicaciones de los organismos oficiales ante esta crisis. \u00a0Deseamos que tanto vosotros como vuestros familiares os encontr\u00e9is en buen estado de salud. Consideramos que ahora m\u00e1s que nunca debemos estar unidos y nos esforzamos para \u201chacer m\u00e1s con menos\u201d. Nuestro equipo se [&hellip;]<\/p>","protected":false},"author":6,"featured_media":1005,"comment_status":"open","ping_status":"open","sticky":false,"template":"","format":"standard","meta":{"rank_math_lock_modified_date":false,"inline_featured_image":false,"footnotes":""},"categories":[9],"tags":[],"class_list":["post-977","post","type-post","status-publish","format-standard","has-post-thumbnail","hentry","category-uncategorised"],"_links":{"self":[{"href":"https:\/\/ideagro.es\/pt\/wp-json\/wp\/v2\/posts\/977"}],"collection":[{"href":"https:\/\/ideagro.es\/pt\/wp-json\/wp\/v2\/posts"}],"about":[{"href":"https:\/\/ideagro.es\/pt\/wp-json\/wp\/v2\/types\/post"}],"author":[{"embeddable":true,"href":"https:\/\/ideagro.es\/pt\/wp-json\/wp\/v2\/users\/6"}],"replies":[{"embeddable":true,"href":"https:\/\/ideagro.es\/pt\/wp-json\/wp\/v2\/comments?post=977"}],"version-history":[{"count":0,"href":"https:\/\/ideagro.es\/pt\/wp-json\/wp\/v2\/posts\/977\/revisions"}],"wp:featuredmedia":[{"embeddable":true,"href":"https:\/\/ideagro.es\/pt\/wp-json\/wp\/v2\/media\/1005"}],"wp:attachment":[{"href":"https:\/\/ideagro.es\/pt\/wp-json\/wp\/v2\/media?parent=977"}],"wp:term":[{"taxonomy":"category","embeddable":true,"href":"https:\/\/ideagro.es\/pt\/wp-json\/wp\/v2\/categories?post=977"},{"taxonomy":"post_tag","embeddable":true,"href":"https:\/\/ideagro.es\/pt\/wp-json\/wp\/v2\/tags?post=977"}],"curies":[{"name":"wp","href":"https:\/\/api.w.org\/{rel}","templated":true}]}}