{"id":1183,"date":"2021-05-21T10:16:07","date_gmt":"2021-05-21T09:16:07","guid":{"rendered":"https:\/\/ideagro.es\/?p=1183"},"modified":"2021-05-21T10:16:07","modified_gmt":"2021-05-21T09:16:07","slug":"ideagro-participa-en-la-jornada-de-presentacion-de-resultados-del-proyecto-fruitcare","status":"publish","type":"post","link":"https:\/\/ideagro.es\/pt\/ideagro-participa-en-la-jornada-de-presentacion-de-resultados-del-proyecto-fruitcare\/","title":{"rendered":"IDEAGRO participa no dia de apresenta\u00e7\u00e3o de resultados do projeto #fruitCARE"},"content":{"rendered":"<p>[:es]O\u00a0<a href=\"http:\/\/fruitcare.eu\/\" target=\"_blank\" rel=\"noopener noreferrer\"><strong>Grupo Operacional #fruitCARE<\/strong><\/a>\u00a0organizar um dia de apresenta\u00e7\u00e3o de resultados no pr\u00f3ximo\u00a0<strong>8 de junho<\/strong>\u00a0no sal\u00e3o de assembleias de\u00a0<strong><a href=\"https:\/\/citadesva.com\/\" target=\"_blank\" rel=\"nofollow noopener noreferrer\">ADESVA<\/a><\/strong>\u00a0(Lepe, Huelva). A confer\u00eancia poder\u00e1 ser assistida de forma h\u00edbrida, tanto\u00a0<strong>pessoalmente<\/strong>\u00a0como\u00a0<a href=\"https:\/\/www.youtube.com\/channel\/UClfyM62Juns-QoVHltvS-Yw\" target=\"_blank\" rel=\"nofollow noopener noreferrer\"><strong>on-line atrav\u00e9s do Youtube<\/strong><\/a>.<\/p>\n<p>As inscri\u00e7\u00f5es podem ser feitas atrav\u00e9s dos seguintes links:<\/p>\n<div class=\"o9v6fnle cxmmr5t8 oygrvhab hcukyx3x c1et5uql ii04i59q\">\n<ul>\n<li dir=\"auto\">Inscri\u00e7\u00f5es PRESENCIAIS:\u00a0<strong><\/strong><\/li>\n<li dir=\"auto\">Inscri\u00e7\u00f5es ON-LINE:<strong>\u00a0<\/strong><\/li>\n<\/ul>\n<\/div>\n<p>O evento tem como objetivo\u00a0<strong>apresentar os resultados<\/strong>\u00a0alcan\u00e7ados durante o desenvolvimento do projeto, que centrou seu trabalho na\u00a0<strong>procurar\u00a0<\/strong><a href=\"http:\/\/fruitcare.eu\/proyecto-fruitcare\/\" target=\"_blank\" rel=\"noopener noreferrer\"><strong>alternativas eficazes para substituir os tratamentos fitossanit\u00e1rios CfS<\/strong><\/a><strong>\u00a0em frutas com caro\u00e7o, uvas de mesa e frutas vermelhas.<\/strong><\/p>\n<p style=\"text-align: left;\">O evento ter\u00e1 in\u00edcio \u00e0s 9h e quest\u00f5es de\u00a0<strong>grande interesse para o setor agr\u00edcola<\/strong>\u00a0como quais s\u00e3o os\u00a0<strong>subst\u00e2ncias ativas candidatas a substitui\u00e7\u00e3o (CfS)\u00a0<\/strong>e qual \u00e9 a sua situa\u00e7\u00e3o atual, quais s\u00e3o as\u00a0<strong>estrat\u00e9gias de substitui\u00e7\u00e3o contra difenoconazol, fludioxonil ou tebuconazol.<\/strong>\u00a0Al\u00e9m disso, durante a apresenta\u00e7\u00e3o\u00a0<strong>estudo do impacto ambiental e socioecon\u00f4mico<\/strong>\u00a0dessas alternativas.<\/p>\n<p><a href=\"https:\/\/ideagro.es\/pt\/\" target=\"_blank\" rel=\"noopener noreferrer\"><strong>IDEAGRO<\/strong><\/a> como parceiro do Grupo Operacional <strong>#frutaCARE<\/strong> participar\u00e3o nesta confer\u00eancia apresentando o seu trabalho neste projeto ao longo do seu desenvolvimento, expondo as inova\u00e7\u00f5es desenvolvidas e os resultados obtidos.<\/p>\n<p>Da mesma forma, os restantes parceiros apresentar\u00e3o os seus resultados: \u00a0<a href=\"http:\/\/www.asajamurcia.com\/\" target=\"_blank\" rel=\"nofollow noopener noreferrer\">ASAJA M\u00farcia<\/a>,\u00a0<a href=\"http:\/\/www.pctauladei.com\/\" target=\"_blank\" rel=\"nofollow noopener noreferrer\">Funda\u00e7\u00e3o Aula Dei<\/a> (PCTAD),\u00a0<a href=\"https:\/\/acopaex.es\/\" target=\"_blank\" rel=\"nofollow noopener noreferrer\">ACOPAEX<\/a>,\u00a0<a href=\"https:\/\/www.unizar.es\/\" target=\"_blank\" rel=\"nofollow noopener noreferrer\">Universidade de Sarago\u00e7a<\/a>, TARAY SAT La Redondela,\u00a0<a href=\"https:\/\/www.esnepi.es\/\" target=\"_blank\" rel=\"nofollow noopener noreferrer\">Esnepi<\/a>\u00a0e\u00a0<a href=\"https:\/\/www.zerya.org\/es\/\" target=\"_blank\" rel=\"nofollow noopener noreferrer\">ZERYA Zero Res\u00edduos Produ\u00e7\u00f5es.<\/a><\/p>\n<p>Durante o dia haver\u00e1 uma\u00a0<strong>importante trabalho de\u00a0<em>rede<\/em><\/strong>, portanto, tamb\u00e9m participar\u00e3o do evento aquelas empresas cujos produtos t\u00eam sido utilizados como alternativas de tratamento. Membros de outros grupos tamb\u00e9m estar\u00e3o presentes.\u00a0<strong>Grupos Operacionais\u00a0<\/strong>que apresentar\u00e3o seus respectivos trabalhos e avan\u00e7os, promovendo assim a\u00a0<strong>sinergias e colabora\u00e7\u00e3o<\/strong>\u00a0entre os diferentes GO.<\/p>\n<p>&nbsp;<\/p>\n<p><strong>Para mais informa\u00e7\u00f5es visite: www.fruitcare.eu<br \/>\n<\/strong>Ou ent\u00e3o, as redes sociais do projeto:<strong><br \/>\nTwitter:\u00a0<\/strong><a href=\"https:\/\/twitter.com\/fruit_CARE?ref_src=twsrc%5Egoogle%7Ctwcamp%5Eserp%7Ctwgr%5Eauthor\" rel=\"nofollow noopener\" target=\"_blank\">twitter.com\/fruit_CARE<\/a><br \/>\n<strong>Facebook:\u00a0<\/strong><a href=\"https:\/\/www.facebook.com\/GOfruitCARE\/\" rel=\"nofollow noopener\" target=\"_blank\">facebook.com\/GOfruitCARE\/<\/a><strong><br \/>\nLinkedIn:\u00a0<\/strong><a href=\"https:\/\/www.linkedin.com\/company\/fruitcare\/\" rel=\"nofollow noopener\" target=\"_blank\">linkedin.com\/company\/fruitcare\/<\/a><\/p>\n<h4>A programa\u00e7\u00e3o completa do dia no seguinte link:\u00a0<a href=\"http:\/\/fruitcare.eu\/wp-content\/uploads\/2021\/05\/PROGRAMA-JORNADA-DE-PRESENTACI%C3%93N-DE-RESULTADOS-DEL-PROYECTO-FRUITCARE.pdf\" target=\"_blank\" rel=\"noopener noreferrer\">PROGRAMA<\/a><\/h4>\n<p><img fetchpriority=\"high\" decoding=\"async\" class=\"size-full wp-image-1332\" src=\"https:\/\/ideagro.es\/wp-content\/uploads\/2021\/07\/Fruitcare_RRSS-NdP.png\" alt=\"Fruitcare\" width=\"551\" height=\"319\" srcset=\"https:\/\/ideagro.es\/wp-content\/uploads\/2021\/07\/Fruitcare_RRSS-NdP.png 551w, https:\/\/ideagro.es\/wp-content\/uploads\/2021\/07\/Fruitcare_RRSS-NdP-300x174.png 300w\" sizes=\"(max-width: 551px) 100vw, 551px\" \/>[:]    \t<\/p>","protected":false},"excerpt":{"rendered":"<p>[:es]El\u00a0Grupo Operativo #fruitCARE\u00a0organiza una jornada de presentaci\u00f3n de resultados el pr\u00f3ximo\u00a08 de junio\u00a0en el sal\u00f3n de actos de\u00a0ADESVA\u00a0(Lepe, Huelva). A la jornada se podr\u00e1 asistir de forma h\u00edbrida, tanto\u00a0presencial\u00a0como\u00a0online a trav\u00e9s de Youtube. Las inscripciones pueden realizarse a trav\u00e9s de los siguientes enlaces: Inscripci\u00f3n PRESENCIAL:\u00a0 Inscripci\u00f3n ONLINE:\u00a0 El evento tiene como objetivo\u00a0exponer los resultados\u00a0que se [&hellip;]<\/p>","protected":false},"author":6,"featured_media":1194,"comment_status":"open","ping_status":"open","sticky":false,"template":"","format":"standard","meta":{"rank_math_lock_modified_date":false,"inline_featured_image":false,"footnotes":""},"categories":[9],"tags":[],"class_list":["post-1183","post","type-post","status-publish","format-standard","has-post-thumbnail","hentry","category-uncategorised"],"_links":{"self":[{"href":"https:\/\/ideagro.es\/pt\/wp-json\/wp\/v2\/posts\/1183"}],"collection":[{"href":"https:\/\/ideagro.es\/pt\/wp-json\/wp\/v2\/posts"}],"about":[{"href":"https:\/\/ideagro.es\/pt\/wp-json\/wp\/v2\/types\/post"}],"author":[{"embeddable":true,"href":"https:\/\/ideagro.es\/pt\/wp-json\/wp\/v2\/users\/6"}],"replies":[{"embeddable":true,"href":"https:\/\/ideagro.es\/pt\/wp-json\/wp\/v2\/comments?post=1183"}],"version-history":[{"count":0,"href":"https:\/\/ideagro.es\/pt\/wp-json\/wp\/v2\/posts\/1183\/revisions"}],"wp:featuredmedia":[{"embeddable":true,"href":"https:\/\/ideagro.es\/pt\/wp-json\/wp\/v2\/media\/1194"}],"wp:attachment":[{"href":"https:\/\/ideagro.es\/pt\/wp-json\/wp\/v2\/media?parent=1183"}],"wp:term":[{"taxonomy":"category","embeddable":true,"href":"https:\/\/ideagro.es\/pt\/wp-json\/wp\/v2\/categories?post=1183"},{"taxonomy":"post_tag","embeddable":true,"href":"https:\/\/ideagro.es\/pt\/wp-json\/wp\/v2\/tags?post=1183"}],"curies":[{"name":"wp","href":"https:\/\/api.w.org\/{rel}","templated":true}]}}