{"id":1183,"date":"2021-05-21T10:16:07","date_gmt":"2021-05-21T09:16:07","guid":{"rendered":"https:\/\/ideagro.es\/?p=1183"},"modified":"2021-05-21T10:16:07","modified_gmt":"2021-05-21T09:16:07","slug":"ideagro-participa-en-la-jornada-de-presentacion-de-resultados-del-proyecto-fruitcare","status":"publish","type":"post","link":"https:\/\/ideagro.es\/en\/ideagro-participa-en-la-jornada-de-presentacion-de-resultados-del-proyecto-fruitcare\/","title":{"rendered":"IDEAGRO participates in the Conference on the Presentation of the results of the #fruitCARE project"},"content":{"rendered":"<p>[:is he\u00a0<a href=\"http:\/\/fruitcare.eu\/\" target=\"_blank\" rel=\"noopener noreferrer\"><strong>Operational Group #fruitCARE<\/strong><\/a>\u00a0organizes a conference to present the results next\u00a0<strong>8 of June<\/strong>\u00a0in the auditorium of\u00a0<strong><a href=\"https:\/\/citadesva.com\/\" target=\"_blank\" rel=\"nofollow noopener noreferrer\">ADVANCE<\/a><\/strong>\u00a0(Lepe, Huelva). The conference can be attended in a hybrid way, both\u00a0<strong>face-to-face<\/strong>\u00a0as\u00a0<a href=\"https:\/\/www.youtube.com\/channel\/UClfyM62Juns-QoVHltvS-Yw\" target=\"_blank\" rel=\"nofollow noopener noreferrer\"><strong>online via Youtube<\/strong><\/a>.<\/p>\n<p>Registration can be done through the following links:<\/p>\n<div class=\"o9v6fnle cxmmr5t8 oygrvhab hcukyx3x c1et5uql ii04i59q\">\n<ul>\n<li dir=\"auto\">PRESENTIAL registration:\u00a0<strong><\/strong><\/li>\n<li dir=\"auto\">ONLINE registration:<strong>\u00a0<\/strong><\/li>\n<\/ul>\n<\/div>\n<p>The event aims\u00a0<strong>expose the results<\/strong>\u00a0that have been achieved during the development of the project, which has focused its work on the\u00a0<strong>search of\u00a0<\/strong><a href=\"http:\/\/fruitcare.eu\/proyecto-fruitcare\/\" target=\"_blank\" rel=\"noopener noreferrer\"><strong>effective alternatives to replace CfS phytosanitary treatments<\/strong><\/a><strong>\u00a0in stone fruit, table grape and red fruit crops.<\/strong><\/p>\n<p style=\"text-align: left;\">The event will begin at 9:00 am and issues of\u00a0<strong>great interest for the agricultural sector<\/strong>\u00a0such as what are the\u00a0<strong>active substances candidates for substitution (CfS)\u00a0<\/strong>and what is your current situation, what are the\u00a0<strong>substitution strategies against difenoconazole, fludioxonil or tebuconazole.<\/strong>\u00a0Additionally, during the presentation the\u00a0<strong>environmental and socioeconomic impact study<\/strong>\u00a0of these alternatives.<\/p>\n<p><a href=\"https:\/\/ideagro.es\/en\/\" target=\"_blank\" rel=\"noopener noreferrer\"><strong>IDEAGRO<\/strong><\/a> as a partner of the Operative Group <strong>#fruitCARE<\/strong> will participate in this conference exposing his work in this project throughout its development, exposing the innovations developed and the results obtained.<\/p>\n<p>Likewise, the rest of the partners will present their results: \u00a0<a href=\"http:\/\/www.asajamurcia.com\/\" target=\"_blank\" rel=\"nofollow noopener noreferrer\">ASAJA Murcia<\/a>,\u00a0<a href=\"http:\/\/www.pctauladei.com\/\" target=\"_blank\" rel=\"nofollow noopener noreferrer\">Dei Classroom Foundation<\/a> (PCTAD),\u00a0<a href=\"https:\/\/acopaex.es\/\" target=\"_blank\" rel=\"nofollow noopener noreferrer\">ACOPAEX<\/a>,\u00a0<a href=\"https:\/\/www.unizar.es\/\" target=\"_blank\" rel=\"nofollow noopener noreferrer\">Zaragoza&#039;s University<\/a>, TARAY SAT La Redondela,\u00a0<a href=\"https:\/\/www.esnepi.es\/\" target=\"_blank\" rel=\"nofollow noopener noreferrer\">snepi<\/a>\u00a0and\u00a0<a href=\"https:\/\/www.zerya.org\/es\/\" target=\"_blank\" rel=\"nofollow noopener noreferrer\">ZERYA Productions Without Residues.<\/a><\/p>\n<p>During the course of the day there will be a\u00a0<strong>important work of\u00a0<em>networking<\/em><\/strong>Therefore, companies whose products have been used as treatment alternatives will also attend the event. Members of other\u00a0<strong>Operating Groups\u00a0<\/strong>that will present their respective work and progress, thus promoting the\u00a0<strong>synergies and collaboration<\/strong>\u00a0between the different GO&#039;s.<\/p>\n<p>&nbsp;<\/p>\n<p><strong>For more information visit: fruitcare.eu<br \/>\n<\/strong>Or, the social networks of the project:<strong><br \/>\nTwitter:\u00a0<\/strong><a href=\"https:\/\/twitter.com\/fruit_CARE?ref_src=twsrc%5Egoogle%7Ctwcamp%5Eserp%7Ctwgr%5Eauthor\" rel=\"nofollow noopener\" target=\"_blank\">twitter.com\/fruit_CARE<\/a><br \/>\n<strong>Facebook:\u00a0<\/strong><a href=\"https:\/\/www.facebook.com\/GOfruitCARE\/\" rel=\"nofollow noopener\" target=\"_blank\">facebook.com\/GOfruitCARE\/<\/a><strong><br \/>\nLinkedIn:\u00a0<\/strong><a href=\"https:\/\/www.linkedin.com\/company\/fruitcare\/\" rel=\"nofollow noopener\" target=\"_blank\">linkedin.com\/company\/fruitcare\/<\/a><\/p>\n<h4>The complete program of the day in the following link:\u00a0<a href=\"http:\/\/fruitcare.eu\/wp-content\/uploads\/2021\/05\/PROGRAMA-JORNADA-DE-PRESENTACI%C3%93N-DE-RESULTADOS-DEL-PROYECTO-FRUITCARE.pdf\" target=\"_blank\" rel=\"noopener noreferrer\">PROGRAM<\/a><\/h4>\n<p><img fetchpriority=\"high\" decoding=\"async\" class=\"size-full wp-image-1332\" src=\"https:\/\/ideagro.es\/wp-content\/uploads\/2021\/07\/Fruitcare_RRSS-NdP.png\" alt=\"Fruitcare\" width=\"551\" height=\"319\" srcset=\"https:\/\/ideagro.es\/wp-content\/uploads\/2021\/07\/Fruitcare_RRSS-NdP.png 551w, https:\/\/ideagro.es\/wp-content\/uploads\/2021\/07\/Fruitcare_RRSS-NdP-300x174.png 300w\" sizes=\"(max-width: 551px) 100vw, 551px\" \/>[:]    \t<\/p>","protected":false},"excerpt":{"rendered":"<p>[:es]El\u00a0Grupo Operativo #fruitCARE\u00a0organiza una jornada de presentaci\u00f3n de resultados el pr\u00f3ximo\u00a08 de junio\u00a0en el sal\u00f3n de actos de\u00a0ADESVA\u00a0(Lepe, Huelva). A la jornada se podr\u00e1 asistir de forma h\u00edbrida, tanto\u00a0presencial\u00a0como\u00a0online a trav\u00e9s de Youtube. Las inscripciones pueden realizarse a trav\u00e9s de los siguientes enlaces: Inscripci\u00f3n PRESENCIAL:\u00a0 Inscripci\u00f3n ONLINE:\u00a0 El evento tiene como objetivo\u00a0exponer los resultados\u00a0que se [&hellip;]<\/p>","protected":false},"author":6,"featured_media":1194,"comment_status":"open","ping_status":"open","sticky":false,"template":"","format":"standard","meta":{"rank_math_lock_modified_date":false,"inline_featured_image":false,"footnotes":""},"categories":[9],"tags":[],"class_list":["post-1183","post","type-post","status-publish","format-standard","has-post-thumbnail","hentry","category-uncategorised"],"_links":{"self":[{"href":"https:\/\/ideagro.es\/en\/wp-json\/wp\/v2\/posts\/1183"}],"collection":[{"href":"https:\/\/ideagro.es\/en\/wp-json\/wp\/v2\/posts"}],"about":[{"href":"https:\/\/ideagro.es\/en\/wp-json\/wp\/v2\/types\/post"}],"author":[{"embeddable":true,"href":"https:\/\/ideagro.es\/en\/wp-json\/wp\/v2\/users\/6"}],"replies":[{"embeddable":true,"href":"https:\/\/ideagro.es\/en\/wp-json\/wp\/v2\/comments?post=1183"}],"version-history":[{"count":0,"href":"https:\/\/ideagro.es\/en\/wp-json\/wp\/v2\/posts\/1183\/revisions"}],"wp:featuredmedia":[{"embeddable":true,"href":"https:\/\/ideagro.es\/en\/wp-json\/wp\/v2\/media\/1194"}],"wp:attachment":[{"href":"https:\/\/ideagro.es\/en\/wp-json\/wp\/v2\/media?parent=1183"}],"wp:term":[{"taxonomy":"category","embeddable":true,"href":"https:\/\/ideagro.es\/en\/wp-json\/wp\/v2\/categories?post=1183"},{"taxonomy":"post_tag","embeddable":true,"href":"https:\/\/ideagro.es\/en\/wp-json\/wp\/v2\/tags?post=1183"}],"curies":[{"name":"wp","href":"https:\/\/api.w.org\/{rel}","templated":true}]}}